{"id":1695,"date":"2024-01-24T14:43:30","date_gmt":"2024-01-24T14:43:30","guid":{"rendered":"https:\/\/asterasys-iberia.com\/?p=1695"},"modified":"2024-01-24T14:43:32","modified_gmt":"2024-01-24T14:43:32","slug":"o-novo-canone-da-beleza-descubra-o-segredo-para-o-contorno-facial-perfeito","status":"publish","type":"post","link":"https:\/\/asterasys-iberia.com\/pt-pt\/o-novo-canone-da-beleza-descubra-o-segredo-para-o-contorno-facial-perfeito\/","title":{"rendered":"O Novo C\u00e2none da Beleza:\u00a0Descubra o Segredo para o Contorno Facial Perfeito"},"content":{"rendered":"\n<p>\u00c9 um facto que a tecnologia tem avan\u00e7ado a passos largos, fornecendo solu\u00e7\u00f5es inovadoras para tratar os sinais do envelhecimento da pele. Entre elas, destaca-se a tecnologia HIFU (High Intensity Focused Ultrasound), que se tornou o segredo por tr\u00e1s do contorno facial perfeito.<\/p>\n\n\n\n<p>HIFU actua como um estimulador de colag\u00e9nio no rosto, abordando n\u00e3o s\u00f3 a flacidez da pele, mas tamb\u00e9m os m\u00fasculos subjacentes. Esta caracter\u00edstica \u00fanica torna o HIFU facial uma solu\u00e7\u00e3o abrangente para aqueles que procuram um tratamento efetivo do processo de envelhecimento ou querem tratar \u00e1reas espec\u00edficas, como o queixo duplo e o oval facial.<\/p>\n\n\n\n<p><strong>Tratamento abrangente para firmeza e defini\u00e7\u00e3o facial.<\/strong><\/p>\n\n\n\n<p>Se a firmeza e a defini\u00e7\u00e3o nas bochechas e ma\u00e7\u00e3s do rosto s\u00e3o a sua prioridade, o HIFU facial surge como uma excelente alternativa. Este tratamento avan\u00e7ado estimula a produ\u00e7\u00e3o de colag\u00e9nio nestas \u00e1reas, melhorando significativamente a textura da pele e proporcionando um aspeto mais jovem e revitalizado.<\/p>\n\n\n\n<p>Al\u00e9m disso, o HIFU n\u00e3o se limita \u00e0s \u00e1reas faciais convencionais; A sua aplica\u00e7\u00e3o na zona da papada e pesco\u00e7o oferece resultados surpreendentes. A capacidade do HIFU de apertar e firmar a pele reduz eficazmente a flacidez e define o contorno facial nesta \u00e1rea.<\/p>\n\n\n\n<p><strong>Levantar, refirmar e marcar o contorno facial com Liftera.<\/strong><\/p>\n\n\n\n<p>O HIFU da Liftera \u00e9 um tratamento n\u00e3o invasivo projetado especificamente para levantar, refirmar e marcar o contorno facial. Este procedimento visa reposicionar a pele no rosto e pesco\u00e7o, dando-lhe uma apar\u00eancia mais jovem e saud\u00e1vel. O Dr. Manuel Freitas, o Dr. Hugo Amaral e o Dr. Jo\u00e3o Freitas, s\u00f3cios fundadores e m\u00e9dicos especialistas em Medicina Est\u00e9tica da Cl\u00ednica Belmedic, com sede em Porto e filial em Vila Nova de Famalic\u00e3o, acreditam que este procedimento \u00e9 uma alternativa excelente e eficaz para aqueles que procuram rejuvenescer a sua apar\u00eancia de forma natural e n\u00e3o invasiva.<\/p>\n\n\n\n<p>Na luta contra a flacidez facial, a tecnologia deu lugar a tratamentos como o Liftera: menos doloroso, com resultados excepcionais e tempos de incapacidade reduzidos. O Dr. Manuel Freitas, como diretor cl\u00ednico da Cl\u00ednica Belmedic, destaca esta tecnologia de lifting facial n\u00e3o cir\u00fargico como uma op\u00e7\u00e3o indolor, sem inflama\u00e7\u00e3o subsequente e resultados percept\u00edveis, proporcionando assim uma experi\u00eancia mais confort\u00e1vel para os pacientes. Segundo a equipa m\u00e9dica de Medicina Est\u00e9tica da Cl\u00ednica Belmedic, trata-se de um tratamento r\u00e1pido (cerca de 45 a 60 minutos por sess\u00e3o), que tamb\u00e9m pode ser combinado com outros procedimentos de medicina est\u00e9tica, como a bioestimuladores de colag\u00e9nio injet\u00e1veis, toxina botul\u00ednica, \u00e1cido hialur\u00f4nico, laser, microagulhamento, entre outros. A efic\u00e1cia, a qualidade e a seguran\u00e7a dos tratamentos com o Liftera marcam a diferen\u00e7a para os seus concorrentes mais diretos.&nbsp;<\/p>\n","protected":false},"excerpt":{"rendered":"<p>\u00c9 um facto que a tecnologia tem avan\u00e7ado a passos largos, fornecendo solu\u00e7\u00f5es inovadoras para tratar os sinais do envelhecimento da pele. Entre elas, destaca-se a tecnologia HIFU (High Intensity Focused Ultrasound), que se tornou o segredo por tr\u00e1s do contorno facial perfeito. HIFU actua como um estimulador de colag\u00e9nio no rosto, abordando n\u00e3o s\u00f3 [&hellip;]<\/p>\n","protected":false},"author":2,"featured_media":1699,"comment_status":"open","ping_status":"open","sticky":false,"template":"","format":"standard","meta":{"_acf_changed":false,"footnotes":""},"categories":[10],"tags":[56,54,83,55,82,78,49,51,67],"class_list":["post-1695","post","type-post","status-publish","format-standard","has-post-thumbnail","hentry","category-asterasys-pt","tag-asterasys-2","tag-clinica-belmedic","tag-dr-hugo-amaral","tag-dr-joao-freitas","tag-dr-manuel-freitas","tag-hifu-2","tag-liftera-2","tag-medicina-estetica-2","tag-tendencia"],"acf":[],"_links":{"self":[{"href":"https:\/\/asterasys-iberia.com\/pt-pt\/wp-json\/wp\/v2\/posts\/1695","targetHints":{"allow":["GET"]}}],"collection":[{"href":"https:\/\/asterasys-iberia.com\/pt-pt\/wp-json\/wp\/v2\/posts"}],"about":[{"href":"https:\/\/asterasys-iberia.com\/pt-pt\/wp-json\/wp\/v2\/types\/post"}],"author":[{"embeddable":true,"href":"https:\/\/asterasys-iberia.com\/pt-pt\/wp-json\/wp\/v2\/users\/2"}],"replies":[{"embeddable":true,"href":"https:\/\/asterasys-iberia.com\/pt-pt\/wp-json\/wp\/v2\/comments?post=1695"}],"version-history":[{"count":1,"href":"https:\/\/asterasys-iberia.com\/pt-pt\/wp-json\/wp\/v2\/posts\/1695\/revisions"}],"predecessor-version":[{"id":1696,"href":"https:\/\/asterasys-iberia.com\/pt-pt\/wp-json\/wp\/v2\/posts\/1695\/revisions\/1696"}],"wp:featuredmedia":[{"embeddable":true,"href":"https:\/\/asterasys-iberia.com\/pt-pt\/wp-json\/wp\/v2\/media\/1699"}],"wp:attachment":[{"href":"https:\/\/asterasys-iberia.com\/pt-pt\/wp-json\/wp\/v2\/media?parent=1695"}],"wp:term":[{"taxonomy":"category","embeddable":true,"href":"https:\/\/asterasys-iberia.com\/pt-pt\/wp-json\/wp\/v2\/categories?post=1695"},{"taxonomy":"post_tag","embeddable":true,"href":"https:\/\/asterasys-iberia.com\/pt-pt\/wp-json\/wp\/v2\/tags?post=1695"}],"curies":[{"name":"wp","href":"https:\/\/api.w.org\/{rel}","templated":true}]}}