{"id":1638,"date":"2023-11-10T12:22:18","date_gmt":"2023-11-10T12:22:18","guid":{"rendered":"https:\/\/asterasys-iberia.com\/?p=1638"},"modified":"2023-11-10T12:34:08","modified_gmt":"2023-11-10T12:34:08","slug":"a-tendencia-quiet-luxury-beauty-instala-se-nas-clinicas-medicas","status":"publish","type":"post","link":"https:\/\/asterasys-iberia.com\/pt-pt\/a-tendencia-quiet-luxury-beauty-instala-se-nas-clinicas-medicas\/","title":{"rendered":"A tend\u00eancia &#8216;Quiet Luxury Beauty&#8217; instala-se nas cl\u00ednicas m\u00e9dicas de Portugal"},"content":{"rendered":"\n<p class=\"has-text-align-left\">Num mundo onde a procura pela beleza e pela eterna juventude \u00e9 constante, \u00e9 fundamental explorar op\u00e7\u00f5es que nos permitam mantermo-nos jovens sem recorrer a procedimentos cir\u00fargicos invasivos, e assim obter uma melhor apar\u00eancia, mas com um resultado natural.<\/p>\n\n\n\n<p class=\"has-text-align-left\">Conversamos com a <a href=\"https:\/\/www.instagram.com\/dra.ritaseco\/\" target=\"_blank\" rel=\"noopener\">Dra. Rita S\u00eaco<\/a>, <strong>da Galerie Clinic | Medical &amp; Spa<\/strong>, no Porto, que nos explica como nos \u00faltimos anos, cada vez mais pessoas, independentemente do sexo, buscam real\u00e7ar e melhorar sua apar\u00eancia com tratamentos que passam despercebidos. \u00c9 a\u00ed que nasce o que j\u00e1 conhecemos como &#8216;Quiet Luxury Beauty&#8217;, a \u00faltima tend\u00eancia que encontrou o seu lugar no mundo da beleza, provando que muitas vezes, \u201co menos \u00e9 mais\u201d quando se trata de eleg\u00e2ncia e cuidado pessoal.<\/p>\n\n\n\n<p class=\"has-text-align-left\"><strong>HIFU da Liftera: a inova\u00e7\u00e3o favorita dos m\u00e9dicos e pacientes<\/strong><\/p>\n\n\n\n<p class=\"has-text-align-left\">\u201cO HIFU j\u00e1 \u00e9 o tratamento inovador mais escolhido por m\u00e9dicos e pacientes neste ano, pois favorece um resultado natural, sem dor e sem sintomas p\u00f3s-tratamento\u201d, explica a Dra.&nbsp;<\/p>\n\n\n\n<p class=\"has-text-align-left\">Especialistas afirmam que a procura por esses tratamentos regenerativos luxuosos de rejuvenescimento facial cresceu em m\u00e9dia 5%. A Dra. Rita S\u00eaco, observa, ainda, que nos \u00faltimos anos foi detetada uma mudan\u00e7a de rumo na procura dos pacientes da cl\u00ednica: \u201cAs pessoas t\u00eam medo de resultados exagerados, e por isso mesmo, procuram cada vez mais a naturalidade que vem da medicina regenerativa.\u201d No mundo da beleza, este novo conceito traduz-se na procura por tratamentos de elevada qualidade, que resistam ao passar do tempo, e na ado\u00e7\u00e3o de rotinas que promovam uma apar\u00eancia natural e intemporal. O HIFU torna-se, assim, o principal aliado nesta busca pela beleza discreta, simples, mas luxuosa. Um procedimento est\u00e9tico n\u00e3o invasivo que utiliza ultrassom microfocado para estimular a forma\u00e7\u00e3o de um novo colag\u00e9nio nas camadas mais profundas da superf\u00edcie da pele. \u201cUm exemplo \u00e9 o HIFU da Liftera, o que h\u00e1 de mais moderno neste tipo de tratamento, uma inova\u00e7\u00e3o que mudou completamente a forma como abordamos a pele\u201d, acrescenta o Dra.<\/p>\n\n\n\n<p class=\"has-text-align-left\"><strong>Toler\u00e2ncia e conforto gra\u00e7as ao Liftera<\/strong><\/p>\n\n\n\n<p class=\"has-text-align-left\">Um dos aspetos mais valorizados pelos pacientes \u00e9 a toler\u00e2ncia ao tratamento: que seja o mais r\u00e1pido e indolor poss\u00edvel. Conversamos sobre essas prefer\u00eancias com a Dra. Rita S\u00eaco: \u201c\u00c9 cada vez mais comum que os pacientes troquem a medicina est\u00e9tica tradicional por tratamentos regenerativos que n\u00e3o incluem procedimentos que requerem agulhas ou cirurgia\u201d. Liftera responde a esta tend\u00eancia, apresentando-se como o primeiro HIFU indolor do mercado. Isto \u00e9 confirmado por muitos profissionais que apostaram neste tratamento: &#8220;Liftera representa um avan\u00e7o tecnol\u00f3gico muito importante quando se considera a tecnologia HIFU para tratar a flacidez, bolsas de gordura excessiva, redefini\u00e7\u00e3o do contorno facial e lifting sem cirurgia, dado que a toler\u00e2ncia do paciente \u00e9 absoluta, e a precis\u00e3o do tratamento \u00e9 milim\u00e9trica. A tecnologia permite, ainda, tratar a flacidez em partes espec\u00edficas que at\u00e9 ent\u00e3o n\u00e3o pod\u00edamos tratar com seguran\u00e7a, devido a sua sensibilidade, tanto no rosto como no corpo\u201d, afirma a Dra. Rita S\u00eaco.<\/p>\n\n\n\n<p class=\"has-text-align-left\"><strong>Uma atra\u00e7\u00e3o para o p\u00fablico masculino<\/strong><\/p>\n\n\n\n<p class=\"has-text-align-left\">Especialistas destacam, ainda, como estes tratamentos est\u00e3o a ser atrativos para o p\u00fablico masculino que busca redefini\u00e7\u00e3o natural do contorno do rosto. A Dra. Rita S\u00eaco destaca que, embora haja predomin\u00e2ncia das mulheres no perfil de pacientes, quando se fala sobre tratamentos de regenera\u00e7\u00e3o natural, os percentuais aumentaram consideravelmente entre os homens. Da mesma forma, a especialista afirma que \u201co n\u00famero de pacientes que t\u00eam demonstrado interesse pelos tratamentos menos invasivos e com resultados mais naturais quintuplicou, quando antes buscavam tratamentos mais comuns, como com o \u00e1cido hialur\u00f4nico\u201d.<\/p>\n\n\n\n<figure class=\"wp-block-gallery has-nested-images columns-default is-cropped wp-block-gallery-1 is-layout-flex wp-block-gallery-is-layout-flex\">\n<figure class=\"wp-block-image size-large\"><img fetchpriority=\"high\" decoding=\"async\" width=\"996\" height=\"467\" data-id=\"1641\" src=\"https:\/\/asterasys-iberia.com\/wp-content\/uploads\/2023\/11\/Liftera-1.jpeg\" alt=\"\" class=\"wp-image-1641\" srcset=\"https:\/\/asterasys-iberia.com\/wp-content\/uploads\/2023\/11\/Liftera-1.jpeg 996w, https:\/\/asterasys-iberia.com\/wp-content\/uploads\/2023\/11\/Liftera-1-300x141.jpeg 300w, https:\/\/asterasys-iberia.com\/wp-content\/uploads\/2023\/11\/Liftera-1-768x360.jpeg 768w\" sizes=\"(max-width: 996px) 100vw, 996px\" \/><\/figure>\n<\/figure>\n","protected":false},"excerpt":{"rendered":"<p>O mundo da medicina est\u00e9tica mudou. Agora, os pacientes v\u00e3o \u00e0s cl\u00ednicas querendo parecer sua melhor vers\u00e3o, mas sem que outras pessoas possam saber o que fizeram: buscam mudan\u00e7as sutis que os fa\u00e7am brilhar e sentir-se belos. Essa tend\u00eancia, muito famosa em pa\u00edses como os Estados Unidos, \u00e9 conhecida como &#8216;Quiet Luxury Beauty&#8217;. Saiba mais sobre ela com as contribui\u00e7\u00f5es de uma grande profissional: Dra. Rita S\u00eaco.<\/p>\n","protected":false},"author":2,"featured_media":1582,"comment_status":"open","ping_status":"open","sticky":false,"template":"","format":"standard","meta":{"_acf_changed":false,"footnotes":""},"categories":[10],"tags":[56,68,70,49,66,69,67],"class_list":["post-1638","post","type-post","status-publish","format-standard","has-post-thumbnail","hentry","category-asterasys-pt","tag-asterasys-2","tag-beauty","tag-galerie-clinic","tag-liftera-2","tag-quiet-luxury-beauty-2","tag-rita-seco","tag-tendencia"],"acf":[],"_links":{"self":[{"href":"https:\/\/asterasys-iberia.com\/pt-pt\/wp-json\/wp\/v2\/posts\/1638","targetHints":{"allow":["GET"]}}],"collection":[{"href":"https:\/\/asterasys-iberia.com\/pt-pt\/wp-json\/wp\/v2\/posts"}],"about":[{"href":"https:\/\/asterasys-iberia.com\/pt-pt\/wp-json\/wp\/v2\/types\/post"}],"author":[{"embeddable":true,"href":"https:\/\/asterasys-iberia.com\/pt-pt\/wp-json\/wp\/v2\/users\/2"}],"replies":[{"embeddable":true,"href":"https:\/\/asterasys-iberia.com\/pt-pt\/wp-json\/wp\/v2\/comments?post=1638"}],"version-history":[{"count":3,"href":"https:\/\/asterasys-iberia.com\/pt-pt\/wp-json\/wp\/v2\/posts\/1638\/revisions"}],"predecessor-version":[{"id":1647,"href":"https:\/\/asterasys-iberia.com\/pt-pt\/wp-json\/wp\/v2\/posts\/1638\/revisions\/1647"}],"wp:featuredmedia":[{"embeddable":true,"href":"https:\/\/asterasys-iberia.com\/pt-pt\/wp-json\/wp\/v2\/media\/1582"}],"wp:attachment":[{"href":"https:\/\/asterasys-iberia.com\/pt-pt\/wp-json\/wp\/v2\/media?parent=1638"}],"wp:term":[{"taxonomy":"category","embeddable":true,"href":"https:\/\/asterasys-iberia.com\/pt-pt\/wp-json\/wp\/v2\/categories?post=1638"},{"taxonomy":"post_tag","embeddable":true,"href":"https:\/\/asterasys-iberia.com\/pt-pt\/wp-json\/wp\/v2\/tags?post=1638"}],"curies":[{"name":"wp","href":"https:\/\/api.w.org\/{rel}","templated":true}]}}