{"id":1568,"date":"2023-08-30T09:56:46","date_gmt":"2023-08-30T09:56:46","guid":{"rendered":"https:\/\/asterasys-iberia.com\/?p=1568"},"modified":"2023-08-30T09:56:47","modified_gmt":"2023-08-30T09:56:47","slug":"a-importancia-dos-cuidados-com-a-pele-antes-durante-e-depois-do-verao","status":"publish","type":"post","link":"https:\/\/asterasys-iberia.com\/pt-pt\/a-importancia-dos-cuidados-com-a-pele-antes-durante-e-depois-do-verao\/","title":{"rendered":"A import\u00e2ncia dos cuidados com a pele: antes, durante e depois do ver\u00e3o"},"content":{"rendered":"\n<p>Especialistas em medicina est\u00e9tica e dermatologia, como o Dr. Carlos L\u00f3pez, a Dra. Keila Mitsunaga e a Dra. Marta Prieto, alertam para a import\u00e2ncia de cuidar da pele durante todo o ano, e ainda com mais cuidado ap\u00f3s a \u00e9poca estival, quando a pele est\u00e1 sujeita \u00e0 exposi\u00e7\u00e3o excessiva ao sol.<\/p>\n\n\n\n<p>A nossa pele \u00e9 frequentemente afetada pelos efeitos do sol, da \u00e1gua do mar e de outros agentes externos. Tal como a Dra. Marta Prieto, uma reconhecida especialista em medicina est\u00e9tica em Espanha, explica, &#8220;Embora seja importante cuidar da pele durante todo o ano, h\u00e1 esta\u00e7\u00f5es em que a pele exige um &#8216;mimo especial&#8217;. O ver\u00e3o \u00e9 uma das \u00e9pocas em que a nossa pele sofre mais, n\u00e3o s\u00f3 pela exposi\u00e7\u00e3o excessiva ao sol, mas tamb\u00e9m por fatores ambientais inerentes \u00e0 \u00e9poca: maior secura do ambiente, o sal do mar, o cloro das piscinas. Ap\u00f3s estes meses de &#8216;excessos&#8217;, a primeira etapa deve ser uma limpeza profunda, como passo preparat\u00f3rio da nossa pele.&#8221;<\/p>\n\n\n\n<p>Uma boa rotina de cuidados faciais com limpeza di\u00e1ria que forne\u00e7a hidrata\u00e7\u00e3o, bem como o uso de prote\u00e7\u00e3o solar regularmente, ajudar\u00e1 a eliminar c\u00e9lulas danificadas e a estimular a regenera\u00e7\u00e3o celular. A escolha de produtos adequados para cada pele \u00e9 sempre essencial para obter os melhores resultados. No entanto, h\u00e1 produtos infal\u00edveis, como o retinol, que \u00e9 considerado por muitos especialistas do setor, como o Dr. Carlos L\u00f3pez, como &#8220;o produto top p\u00f3s ver\u00e3o&#8221;. No entanto, para abordar os danos mais profundos causados durante o ver\u00e3o, recomendam-se, de forma complementar, os tratamentos est\u00e9ticos p\u00f3s ver\u00e3o que oferecem resultados not\u00e1veis na recupera\u00e7\u00e3o da pele.<\/p>\n\n\n\n<p><strong>Os 5 tratamentos mais recomendados para recuperar a pele danificada pelo sol, segundo os especialistas<\/strong><\/p>\n\n\n\n<p><strong>HIFU de Liftera<\/strong>: Este sistema de rejuvenescimento facial n\u00e3o invasivo utiliza ultrassom microfocado para tratar eficazmente os sinais de envelhecimento, melhorando a apar\u00eancia da pele, sem necessidade de cirurgia. Concentra a energia dos ultrassons em pontos espec\u00edficos do tecido sem danificar as \u00e1reas adjacentes, oferecendo resultados not\u00e1veis. Este tratamento proporciona, segundo os especialistas, uma solu\u00e7\u00e3o integral para a recupera\u00e7\u00e3o da pele ap\u00f3s o ver\u00e3o, ajudando a restaurar a vitalidade, a hidrata\u00e7\u00e3o e a luminosidade perdidas.<\/p>\n\n\n\n<p>O tratamento \u00e9 indolor e oferece benef\u00edcios como resultado imediato e sem sintomatologia &#8211; entendida como hematomas ou vermelhid\u00f5es &#8211; &#8220;atua aquecendo de forma controlada e pode tratar todas as camadas da pele, melhorando a sua qualidade sem adicionar volume, o que resulta num melhor aspeto da pele&#8221; afirma o Dr. Carlos L\u00f3pez. Outros especialistas, como a Dra. Keila Mitsunaga, destacam o valor acrescentado do HIFU e afirma que &#8220;este tipo de tratamento est\u00e1 indicado para estimular o colag\u00e9nio, tratar as rugas finas, flacidez e acumula\u00e7\u00e3o de gordura. \u00c9 um tratamento muito completo que tem como objetivo melhorar a qualidade da pele e gerar tens\u00e3o&#8221;.<\/p>\n\n\n\n<p>A Dra. Marta Prieto, com centros especializados em medicina est\u00e9tica em Madrid e na Galiza, define-o como uma &#8220;bomba de colag\u00e9nio&#8221;. Ela tamb\u00e9m faz refer\u00eancia ao Liftera e, em particular, destaca &#8220;a inexist\u00eancia de tempos de recupera\u00e7\u00e3o, sendo um tratamento integral de 360\u00ba que permite melhorar pequenos ac\u00famulos de gordura em zonas como a papada ou bolsas dos olhos, para alcan\u00e7ar o &#8220;efeito bichectomia&#8221;, e tudo isto ao mesmo tempo que se melhora a firmeza dos tecidos e se redensifica a pele do paciente&#8221;.<\/p>\n\n\n\n<p><strong>Microdermoabras\u00e3o<\/strong>: Este tratamento facial consiste na elimina\u00e7\u00e3o das camadas superficiais da pele atrav\u00e9s de uma m\u00e1quina com ponta de diamante, obtendo uma esfolia\u00e7\u00e3o suave e uma limpeza profunda. A microdermoabras\u00e3o ajuda a eliminar as c\u00e9lulas mortas e a melhorar a apar\u00eancia da pele, obtendo uma renova\u00e7\u00e3o celular, tal como a Dra Keila Mitsunaga nos explica, &#8220;s\u00e3o tratamentos indicados para a renova\u00e7\u00e3o celular e elimina\u00e7\u00e3o de c\u00e9lulas danificadas, por isso podem recuperar o brilho da pele.&#8221;.**<\/p>\n\n\n\n<p><strong>Peeling qu\u00edmico<\/strong>: Um tratamento facial que utiliza \u00e1cidos para eliminar as camadas superficiais da pele, uniformizando o tom e tratando imperfei\u00e7\u00f5es. Este tratamento \u00e9 eficaz para eliminar manchas e reverter o dano causado pelo fotoenvelhecimento. &#8220;Os peelings qu\u00edmicos s\u00e3o uma boa op\u00e7\u00e3o para devolver brilho e vitalidade \u00e0 pele, ao mesmo tempo que &#8216;uniformizam&#8217; um pouco o tom&#8221;, confessa a Dra. Marta Prieto. Os especialistas concordam que os tratamentos anti-manchas s\u00e3o dos mais solicitados ap\u00f3s as f\u00e9rias de ver\u00e3o.<\/p>\n\n\n\n<p><strong>Hidrata\u00e7\u00e3o profunda com \u00e1cido hialur\u00f3nico<\/strong>: Ajuda a hidratar e recuperar a firmeza perdida durante o ver\u00e3o, proporcionando um aspeto mais rejuvenescido. A Dra. Keila explica-nos sobre este tratamento: \u201cA inje\u00e7\u00e3o cut\u00e2nea com \u00e1cido hialur\u00f3nico hidrata a pele, trata rugas finas e melhora a elasticidade. Este tratamento pode ser combinado com um HIFU. O ideal seria realizar o HIFU previamente e, depois, o \u00e1cido hialur\u00f3nico injetado.\u201d<\/p>\n\n\n\n<p><strong>Mesoterapia facial<\/strong>: Esta t\u00e9cnica de medicina est\u00e9tica consiste na infiltra\u00e7\u00e3o de uma mistura de vitaminas, \u00e1cido hialur\u00f3nico e outros nutrientes para nutrir profundamente a pele, reduzir rugas e aumentar a luminosidade. Segundo a Dra. Marta Prieto, \u201cgra\u00e7as ao m\u00e9todo de microinje\u00e7\u00f5es na pele, com o qual se aplica a mesoterapia facial, \u00e9 poss\u00edvel chegar \u00e0 derme, favorecendo uma hidrata\u00e7\u00e3o mais profunda, de dentro para fora, ao mesmo tempo que estimulamos a produ\u00e7\u00e3o de colag\u00e9nio e elastina\u201d. Com este m\u00e9todo, conseguiremos recuperar a vitalidade da nossa pele.<\/p>\n\n\n\n<p>**A Dra. Marta Prieto destaca que estes 5 tratamentos s\u00e3o eficazes e ben\u00e9ficos para a nossa pele. No entanto, \u201ca maior procura tem sido recentemente absorvida pela tecnologia HIFU pelo seu efeito imediato e pela melhoria global que representa a curto prazo, a que se soma a aus\u00eancia de per\u00edodo de recupera\u00e7\u00e3o posterior. Com esta nova tecnologia, conseguimos proporcionar firmeza aos tecidos, ao mesmo tempo que favorecemos um aumento exponencial na produ\u00e7\u00e3o de colag\u00e9nio. Assim, a nossa pele ficar\u00e1, al\u00e9m de lisa, com um aspeto muito mais ligeiro.\u201d<\/p>\n\n\n\n<p>Os especialistas destacam a import\u00e2ncia de seguir uma rotina cosm\u00e9tica adequada diariamente durante todo o ano. E, embora haja tratamentos que n\u00e3o s\u00e3o aconselh\u00e1veis consoante as \u00e9pocas ou a situa\u00e7\u00e3o em que se encontra a nossa pele, existem atualmente tratamentos que s\u00e3o atemporais, como \u00e9 o caso de certos HIFU e que podem ser combinados entre si.<\/p>\n","protected":false},"excerpt":{"rendered":"<p>Numa entrevista com o Dr. Auc\u00eda Klain, especialista em medicina est\u00e9tica e regenerativa baseado em Ibiza (Espanha), explor\u00e1mos a utiliza\u00e7\u00e3o da tecnologia de ultrassom microfocado de alta intensidade (HIFU, na sua sigla em ingl\u00eas) como tratamento regenerativo para reduzir os danos causados pelo sol na nossa pele, durante os meses de ver\u00e3o<\/p>\n","protected":false},"author":2,"featured_media":1552,"comment_status":"open","ping_status":"open","sticky":false,"template":"","format":"standard","meta":{"_acf_changed":false,"footnotes":""},"categories":[10],"tags":[50,52,49,51,48],"class_list":["post-1568","post","type-post","status-publish","format-standard","has-post-thumbnail","hentry","category-asterasys-pt","tag-dermatologia-2","tag-exposicao-excessiva-ao-sol","tag-liftera-2","tag-medicina-estetica-2","tag-pele"],"acf":[],"_links":{"self":[{"href":"https:\/\/asterasys-iberia.com\/pt-pt\/wp-json\/wp\/v2\/posts\/1568","targetHints":{"allow":["GET"]}}],"collection":[{"href":"https:\/\/asterasys-iberia.com\/pt-pt\/wp-json\/wp\/v2\/posts"}],"about":[{"href":"https:\/\/asterasys-iberia.com\/pt-pt\/wp-json\/wp\/v2\/types\/post"}],"author":[{"embeddable":true,"href":"https:\/\/asterasys-iberia.com\/pt-pt\/wp-json\/wp\/v2\/users\/2"}],"replies":[{"embeddable":true,"href":"https:\/\/asterasys-iberia.com\/pt-pt\/wp-json\/wp\/v2\/comments?post=1568"}],"version-history":[{"count":1,"href":"https:\/\/asterasys-iberia.com\/pt-pt\/wp-json\/wp\/v2\/posts\/1568\/revisions"}],"predecessor-version":[{"id":1569,"href":"https:\/\/asterasys-iberia.com\/pt-pt\/wp-json\/wp\/v2\/posts\/1568\/revisions\/1569"}],"wp:featuredmedia":[{"embeddable":true,"href":"https:\/\/asterasys-iberia.com\/pt-pt\/wp-json\/wp\/v2\/media\/1552"}],"wp:attachment":[{"href":"https:\/\/asterasys-iberia.com\/pt-pt\/wp-json\/wp\/v2\/media?parent=1568"}],"wp:term":[{"taxonomy":"category","embeddable":true,"href":"https:\/\/asterasys-iberia.com\/pt-pt\/wp-json\/wp\/v2\/categories?post=1568"},{"taxonomy":"post_tag","embeddable":true,"href":"https:\/\/asterasys-iberia.com\/pt-pt\/wp-json\/wp\/v2\/tags?post=1568"}],"curies":[{"name":"wp","href":"https:\/\/api.w.org\/{rel}","templated":true}]}}